{"id":3489,"date":"2026-04-02T07:47:33","date_gmt":"2026-04-02T10:47:33","guid":{"rendered":"https:\/\/ths-homeschooling.com\/?p=3489"},"modified":"2026-08-31T10:45:48","modified_gmt":"2026-08-31T13:45:48","slug":"personalized-learning-expectations-vs-reality","status":"publish","type":"post","link":"https:\/\/ths-homeschooling.com\/en\/individualisierung-im-unterricht-zwischen-anspruch-und-realitaet\/","title":{"rendered":"Individualization in Teaching: Between Aspiration and Reality"},"content":{"rendered":"<p dir=\"ltr\">Individualisierung im Unterricht beginnt mit einer einfachen Beobachtung: Kinder lernen nicht alle auf die gleiche Weise.&nbsp;<\/p>\n<p dir=\"ltr\">Viele Kinder sitzen im selben Klassenzimmer \u2013 und lernen doch v\u00f6llig unterschiedlich. W\u00e4hrend einige sofort beginnen und schnell zu einem Ergebnis kommen, brauchen andere mehr Zeit, lesen Sie die Aufgabe oder stellen Sie zun\u00e4chst Fragen.<\/p>\n<p dir=\"ltr\">Both engage with the same topic. And yet, their learning process unfolds differently.<\/p>\n<p dir=\"ltr\">Such differences are not a problem, but a normal part of learning. Children bring different prerequisites: prior knowledge, language comprehension, concentration, or personal interests. All of this influences how a topic is understood.<\/p>\n<p dir=\"ltr\">Precisely at this point, a term keeps appearing in the educational sector: individualization. But what does it actually mean \u2013 and where is individualization truly useful?<\/p>\n<h2 id=\"t-1775125520340\">What individualization means<\/h2>\n<p dir=\"ltr\">Individualization in education refers to the deliberate alignment of learning processes with a child's individual learning level. Differences in prior knowledge, learning pace, comprehension, and interests are taken into account.<\/p>\n<p dir=\"ltr\">The fundamental content and learning objectives remain the same for everyone. Individualization changed not the \"what\" of learning, but the \"how.\" Children can use different paths to reach a common goal.<\/p>\n<p dir=\"ltr\">In practice, this means: some children need more time, additional explanations, or supporting examples. Others can progress more quickly or delve deeper into a topic.<\/p>\n<p dir=\"ltr\">Individualization therefore does not lead to arbitrary content or isolated learning. It takes place within a common framework that provides orientation and continues to enable joint learning.<\/p>\n<p dir=\"ltr\">Differences in learning are not seen as a problem, but rather as a starting point for targeted support.<\/p>\n<h2 id=\"t-1775125520341\">What advantages individualization can have<\/h2>\n<p dir=\"ltr\">If learning is more tailored to individual arts, it can have various positive effects.<\/p>\n<h3 dir=\"ltr\" id=\"t-1775125520342\">Suitable tasks instead of over- or under-challenging&nbsp;<\/h3>\n<p dir=\"ltr\">Aufgaben entsprechen dem aktuellen Lernstand. Dadurch kommt es seltener vor, dass \u00dcberforderung entsteht oder Inhalte als zu einfach empfunden werden.<\/p>\n<h3 dir=\"ltr\" id=\"t-1775125520343\">Deeper and more sustainable understanding&nbsp;<\/h3>\n<p dir=\"ltr\">When there is sufficient time to truly delve into a topic, it often leads to a more stable understanding. At the same time, children who progress more quickly can engage more deeply with content, rather than simply working through more of the same tasks.<\/p>\n<h3 id=\"t-1775125520344\">Greater motivation and personal responsibility<\/h3>\n<p dir=\"ltr\">When students recognize their own unique learning path, their attitude toward learning often changes. It becomes easier for them to concentrate on their work and take responsibility for their own learning process.<\/p>\n<h2 id=\"t-1775125520345\">Why individualization is also viewed critically<\/h2>\n<p dir=\"ltr\">Besides these advantages, there are also aspects that are viewed critically in the context of individualization.<\/p>\n<h3 id=\"t-1775125520346\">Higher organizational effort<\/h3>\n<p dir=\"ltr\">Individualization often means more preparation. Teachers have to plan tasks for different learning levels and at the same time keep track of who is currently working on them. This can make teaching significantly more time-consuming.<\/p>\n<h3 id=\"t-1775125520347\">Not every child works with the same independence <\/h3>\n<h6>Some children are good at shaping their own learning path. Others need more guidance and clear direction. Without support, individualization can quickly become difficult for them.<\/h6>\n<h3 id=\"t-1775125520348\">Less common learning<\/h3>\n<p dir=\"ltr\">When children work on different tasks, there are sometimes fewer moments when everyone is working on the same topic together. Conversations about the same content or working together then become rarer.<\/p>\n<h3 id=\"t-1775125520349\">Implementation requires clear structures<\/h3>\n<p dir=\"ltr\">For individualization to work well, clear processes and good organization are needed. Without this structure, instruction can quickly become confusing.<\/p>\n<h3 id=\"t-1775125520350\">Area of tension between individualization and common structure&nbsp;<\/h3>\n<p dir=\"ltr\">A controversial objection concerns the relationship between individual support and collaborative learning. School is not just a place where each child works independently, but also a social space. Children learn from each other, see different approaches to solutions, and share experiences. If individual support is heavily emphasized, there is a concern that this collaborative learning may be neglected.<\/p>\n<h3 id=\"t-1775125520351\">A question of the right balance<\/h3>\n<p dir=\"ltr\">In practice, it has become clear that individualization is particularly effective when it remains embedded within clear structures. Neither a completely standardized curriculum nor highly individualized learning without a shared framework leads to good results in the long term.<\/p>\n<p dir=\"ltr\">Joint learning objectives and fixed content form a clear framework. They dictate what is worked on and what goal is to be achieved. Within this framework, different learning levels can be addressed without fundamentally changing the instruction.<\/p>\n<p dir=\"ltr\">So it can be useful to provide an advanced supplementary task in addition to the regular tasks. While some are still working on the basics, others can work on this supplementary task and deepen their understanding of the topic. The common reference point is maintained.<\/p>\n<p dir=\"ltr\">The crucial point is not to see individual support as opposed to collaborative learning.<\/p>\n<h3 id=\"t-1775125520352\">Individualization in Homeschooling<\/h3>\n<p dir=\"ltr\">Different learning levels can often be taken into account more easily in homeschooling than in large classes. Parents or teachers usually see directly where a child is and what they need.<\/p>\n<p dir=\"ltr\">If a child has already understood a topic, they can simply continue working or delve deeper into the subject. Another child can take more time without constantly having to compare themselves to many others.<\/p>\n<p dir=\"ltr\">This isn't about everyone just learning whatever they want. The learning objectives remain the same. The path to achieving them can look a bit different, depending on what a child needs at that moment.<\/p>\n<h3 id=\"t-1775125520353\">When learning puts people first<\/h3>\n<p dir=\"ltr\">Individualization reminds us of something very fundamental: Learning does not proceed the same way for all children. Each child brings different prerequisites, has different strengths, and learns at their own pace.<\/p>\n<p dir=\"ltr\">Good education therefore tried to hold both together. There are common contents and clear guidance. At the same time, the focus remains on the individual child and how they can best learn.<\/p>\n<p dir=\"ltr\">If this balance is achieved, the focus in learning shifts. The emphasis is not on comparison with others, but on one's own progress and the actual understanding of a topic.<\/p>","protected":false},"excerpt":{"rendered":"<p>Individualisierung im Unterricht beginnt mit einer einfachen Beobachtung: Kinder lernen nicht alle auf die gleiche Weise.&nbsp; Viele Kinder sitzen im selben Klassenzimmer \u2013 und lernen doch v\u00f6llig unterschiedlich. W\u00e4hrend einige sofort beginnen und schnell zu einem Ergebnis kommen, brauchen andere mehr Zeit, lesen Sie die Aufgabe oder stellen Sie zun\u00e4chst Fragen. Beide besch\u00e4ftigen sich mit [&hellip;]<\/p>\n","protected":false},"author":9,"featured_media":3488,"comment_status":"closed","ping_status":"open","sticky":false,"template":"","format":"standard","meta":{"footnotes":"","tve_updated_post":"<div class=\"thrv_wrapper thrv_text_element tcb-desktop-hidden tcb-mobile-hidden\"><p dir=\"ltr\"><font><font><font dir=\"auto\" style=\"vertical-align: inherit;\"><font dir=\"auto\" style=\"vertical-align: inherit;\">Individualisierung im Unterricht beginnt mit einer einfachen Beobachtung: Kinder lernen nicht alle auf die gleiche Weise.&nbsp;<\/font><\/font><\/font><\/font><\/p><\/div><div class=\"thrv_wrapper tve-toc tve-elem-scroll tcb-local-vars-root\" data-columns=\"1\" data-ct=\"toc-60733\" data-transition=\"slide\" data-headers=\"h1,h2,h3\" data-numbering=\"none\" data-highlight=\"heading\" data-ct-name=\"Table of Contents 13\" data-heading-style=\"{&quot;0&quot;:&quot;tve-u-19d4dcd2577&quot;,&quot;1&quot;:&quot;tve-u-19d4dcd2578&quot;,&quot;2&quot;:&quot;tve-u-19d4dcd2579&quot;}\" style=\"\" data-css=\"tve-u-19d4dcd2575\" data-state-default=\"expanded\" data-state-default-d=\"expanded\" data-animation=\"slide\" data-bullet-style=\"{&quot;0&quot;:&quot;tve-u-17399ff41d4&quot;,&quot;1&quot;:&quot;tve-u-17399ffc502&quot;,&quot;2&quot;:&quot;tve-u-17399ffedb7&quot;}\" data-number-style=\"{&quot;0&quot;:&quot;tve-u-19d4dcd257b&quot;,&quot;1&quot;:&quot;tve-u-19d4dcd257c&quot;,&quot;2&quot;:&quot;tve-u-19d4dcd257d&quot;}\" data-distribute=\"false\" data-state-default-m=\"collapsed\" data-element-name=\"Table of Contents\" data-form-settings=\"__TCB_FORM__{&quot;form_identifier&quot;:&quot;weltweite-wege-zum-anerkannten-schulabschluss-form-6ms8i3&quot;}__TCB_FORM__\" data-columns-d=\"1\" data-id=\"mthalazl\"><div class=\"thrive-colors-palette-config\" style=\"display: none !important\"><font dir=\"auto\" style=\"vertical-align: inherit;\"><font dir=\"auto\" style=\"vertical-align: inherit;\">__CONFIG_colors_palette__{\"active_palette\":0,\"config\":{\"colors\":{\"4204a\":{\"name\":\"Main Accent\",\"parent\":-1},\"ea1e7\":{\"name\":\"Main Accent Light\",\"parent\":\"4204a\",\"lock\":{\"lightness\":1}}},\"gradients\":[]},\"palettes\":[{\"name\":\"Default\",\"value\":{\"colors\":{\"4204a\":{\"val\":\"var(--tcb-color-7)\"},\"ea1e7\":{\"val\":\"rgba(30, 184, 179, 0.08)\",\"hsl_parent_dependency\":{\"h\":178,\"l\":0.42,\"s\":0.72}}},\"gradients\":[]},\"original\":{\"colors\":{\"4204a\":{\"val\":\"rgb(30, 136, 69)\",\"hsl\":{\"h\":142,\"s\":0.63,\"l\":0.32,\"a\":1}},\"ea1e7\":{\"val\":\"rgba(4, 215, 85, 0.08)\",\"hsl_parent_dependency\":{\"h\":143,\"s\":0.96,\"l\":0.42,\"a\":0.08}}},\"gradients\":[]}}]}__CONFIG_colors_palette__<\/font><\/font><\/div><div class=\"tve-toc-divider\" style=\"position: absolute; width: 0; height: 0; overflow: hidden;\"><div class=\"thrv_wrapper thrv-divider tve-vert-divider\" data-style=\"tve_sep-1\" data-color-d=\"rgb(217, 217, 217)\"><hr class=\"tve_sep tve_sep-1\" style=\"\"><\/div><\/div><svg class=\"toc-icons\" style=\"position: absolute; width: 0; height: 0; overflow: hidden;\" version=\"1.1\" xmlns=\"http:\/\/www.w3.org\/2000\/svg\"><symbol viewBox=\"0 0 24 24\" id=\"toc-bullet-0-mthalazl\" data-id=\"icon-chevron_right-duotone\"><path fill=\"none\" d=\"M0 0h24v24H0V0z\"><\/path><path d=\"M10 6L8.59 7.41 13.17 12l-4.58 4.59L10 18l6-6-6-6z\"><\/path><\/symbol><symbol viewBox=\"0 0 24 24\" id=\"toc-bullet-1-mthalazl\" data-id=\"icon-chevron_right-duotone\"><path fill=\"none\" d=\"M0 0h24v24H0V0z\"><\/path><path d=\"M10 6L8.59 7.41 13.17 12l-4.58 4.59L10 18l6-6-6-6z\"><\/path><\/symbol><symbol viewBox=\"0 0 24 24\" id=\"toc-bullet-2-mthalazl\" data-id=\"icon-chevron_right-duotone\"><path fill=\"none\" d=\"M0 0h24v24H0V0z\"><\/path><path d=\"M10 6L8.59 7.41 13.17 12l-4.58 4.59L10 18l6-6-6-6z\"><\/path><\/symbol><\/svg>\n\t<div class=\"tve-content-box-background\" data-css=\"tve-u-19d4dcd2576\" style=\"\"><\/div>\n\t<div class=\"thrv_wrapper tve-toc-title tcb-icon-display reverse tve-no-dropzone tve-prevent-content-edit\" data-css=\"tve-u-19d4dcd257a\" style=\"\">\n\t<div class=\"tve-content-box-background\" style=\"\" data-css=\"tve-u-1981f35662e\"><\/div>\n\t<div class=\"tve-cb\" style=\"\">\n\t\t<div class=\"tve-toc-title-icon\" data-icon-code=\"icon-chevron-down-solid\" style=\"\"><svg class=\"tcb-icon\" viewBox=\"0 0 24 24\" data-id=\"icon-chevron-down-solid\" data-name=\"\"><path d=\"M7.41,8.58L12,13.17L16.59,8.58L18,10L12,16L6,10L7.41,8.58Z\"><\/path><\/svg><\/div>\n\t\t<div class=\"thrv_wrapper thrv_text_element tve_no_icons\"><h6 class=\"\" style=\"\" data-css=\"tve-u-19d4dcd257e\"><font dir=\"auto\" style=\"vertical-align: inherit;\"><font dir=\"auto\" style=\"vertical-align: inherit;\">Inhaltsverzeichnis<\/font><\/font><\/h6><\/div>\n\t<\/div>\n<\/div><div class=\"tve-cb tve-toc-content tve-prevent-content-edit\">\n\t\t\n\n\t\t<div class=\"thrv_wrapper tve-toc-list tcb-no-delete tcb-no-save tcb-no-clone tve-no-dropzone\" data-css=\"tve-u-19d4dcd2573\" style=\"\">\n\t\t\t<div class=\"tve-content-box-background\" data-css=\"tve-u-19d4dcd2572\" style=\"\"><\/div>\n\t\t\t<div class=\"tve-cb\">\n\t\t\t\t<div class=\"tve_ct_content tve_clearfix\"><div class=\"ct_column\"><div class=\"thrv_wrapper tve-toc-heading tve-toc-heading-level1 tve_no_icons\" data-tag=\"H2\" data-css=\"tve-u-19d4dcd2578\" data-element-name=\"Heading Level 2\"><a href=\"#t-1775125520340\" class=\"tve-toc-anchor tve-jump-scroll\" jump-animation=\"smooth\">Was Individualisierung bedeutet<\/a><\/div><div class=\"thrv_wrapper tve-toc-heading tve-toc-heading-level1 tve_no_icons\" data-tag=\"H2\" data-css=\"tve-u-19d4dcd2578\" data-element-name=\"Heading Level 2\"><a href=\"#t-1775125520341\" class=\"tve-toc-anchor tve-jump-scroll\" jump-animation=\"smooth\">Welche Vorteile Individualisierung haben kann<\/a><\/div><div class=\"thrv_wrapper tve-toc-heading tve-toc-heading-level2 tve_no_icons\" data-tag=\"H3\" data-css=\"tve-u-19d4dcd2579\" data-element-name=\"Heading Level 3\"><a href=\"#t-1775125520342\" class=\"tve-toc-anchor tve-jump-scroll\" jump-animation=\"smooth\">Passende Aufgaben statt \u00dcber- oder Unterforderung&nbsp;<\/a><\/div><div class=\"thrv_wrapper tve-toc-heading tve-toc-heading-level2 tve_no_icons\" data-tag=\"H3\" data-css=\"tve-u-19d4dcd2579\" data-element-name=\"Heading Level 3\"><a href=\"#t-1775125520343\" class=\"tve-toc-anchor tve-jump-scroll\" jump-animation=\"smooth\">Tieferes und nachhaltigeres Verst\u00e4ndnis&nbsp;<\/a><\/div><div class=\"thrv_wrapper tve-toc-heading tve-toc-heading-level2 tve_no_icons\" data-tag=\"H3\" data-css=\"tve-u-19d4dcd2579\" data-element-name=\"Heading Level 3\"><a href=\"#t-1775125520344\" class=\"tve-toc-anchor tve-jump-scroll\" jump-animation=\"smooth\">Mehr Motivation und Eigenverantwortung<\/a><\/div><div class=\"thrv_wrapper tve-toc-heading tve-toc-heading-level1 tve_no_icons\" data-tag=\"H2\" data-css=\"tve-u-19d4dcd2578\" data-element-name=\"Heading Level 2\"><a href=\"#t-1775125520345\" class=\"tve-toc-anchor tve-jump-scroll\" jump-animation=\"smooth\">Warum Individualisierung auch kritisch gesehen wird<\/a><\/div><div class=\"thrv_wrapper tve-toc-heading tve-toc-heading-level2 tve_no_icons\" data-tag=\"H3\" data-css=\"tve-u-19d4dcd2579\" data-element-name=\"Heading Level 3\"><a href=\"#t-1775125520346\" class=\"tve-toc-anchor tve-jump-scroll\" jump-animation=\"smooth\">H\u00f6herer organisatorischer Aufwand<\/a><\/div><div class=\"thrv_wrapper tve-toc-heading tve-toc-heading-level2 tve_no_icons\" data-tag=\"H3\" data-css=\"tve-u-19d4dcd2579\" data-element-name=\"Heading Level 3\"><a href=\"#t-1775125520347\" class=\"tve-toc-anchor tve-jump-scroll\" jump-animation=\"smooth\">Nicht jedes Kind arbeitet gleich selbstst\u00e4ndig <\/a><\/div><div class=\"thrv_wrapper tve-toc-heading tve-toc-heading-level2 tve_no_icons\" data-tag=\"H3\" data-css=\"tve-u-19d4dcd2579\" data-element-name=\"Heading Level 3\"><a href=\"#t-1775125520348\" class=\"tve-toc-anchor tve-jump-scroll\" jump-animation=\"smooth\">Weniger gemeinsames Lernen<\/a><\/div><div class=\"thrv_wrapper tve-toc-heading tve-toc-heading-level2 tve_no_icons\" data-tag=\"H3\" data-css=\"tve-u-19d4dcd2579\" data-element-name=\"Heading Level 3\"><a href=\"#t-1775125520349\" class=\"tve-toc-anchor tve-jump-scroll\" jump-animation=\"smooth\">Umsetzung braucht klare Strukturen<\/a><\/div><div class=\"thrv_wrapper tve-toc-heading tve-toc-heading-level2 tve_no_icons\" data-tag=\"H3\" data-css=\"tve-u-19d4dcd2579\" data-element-name=\"Heading Level 3\"><a href=\"#t-1775125520350\" class=\"tve-toc-anchor tve-jump-scroll\" jump-animation=\"smooth\">Spannungsfeld zwischen Individualisierung und gemeinsamer Struktur&nbsp;<\/a><\/div><div class=\"thrv_wrapper tve-toc-heading tve-toc-heading-level2 tve_no_icons\" data-tag=\"H3\" data-css=\"tve-u-19d4dcd2579\" data-element-name=\"Heading Level 3\"><a href=\"#t-1775125520351\" class=\"tve-toc-anchor tve-jump-scroll\" jump-animation=\"smooth\">Eine Frage der richtigen Balance<\/a><\/div><div class=\"thrv_wrapper tve-toc-heading tve-toc-heading-level2 tve_no_icons\" data-tag=\"H3\" data-css=\"tve-u-19d4dcd2579\" data-element-name=\"Heading Level 3\"><a href=\"#t-1775125520352\" class=\"tve-toc-anchor tve-jump-scroll\" jump-animation=\"smooth\">Individualisierung im Homeschooling<\/a><\/div><div class=\"thrv_wrapper tve-toc-heading tve-toc-heading-level2 tve_no_icons\" data-tag=\"H3\" data-css=\"tve-u-19d4dcd2579\" data-element-name=\"Heading Level 3\"><a href=\"#t-1775125520353\" class=\"tve-toc-anchor tve-jump-scroll\" jump-animation=\"smooth\">Wenn Lernen den Menschen im Blick beh\u00e4lt<\/a><\/div><\/div><div class=\"thrv_wrapper thrv-divider tve-vert-divider\" data-style=\"tve_sep-1\" data-color-d=\"rgb(217, 217, 217)\"><hr class=\"tve_sep tve_sep-1\" style=\"\"><\/div><\/div>\n\t\t\t<\/div>\n\t\t<\/div>\n\t<\/div>\n<\/div><div class=\"thrv_wrapper thrv_text_element tve-froala\"><p dir=\"ltr\"><font><font><font dir=\"auto\" style=\"vertical-align: inherit;\"><font dir=\"auto\" style=\"vertical-align: inherit;\">Viele Kinder sitzen im selben Klassenzimmer \u2013 und lernen doch v\u00f6llig unterschiedlich. W\u00e4hrend einige sofort beginnen und schnell zu einem Ergebnis kommen, brauchen andere mehr Zeit, le<\/font><\/font><\/font><\/font><font><font><font><font><\/font><\/font><\/font><\/font><font dir=\"auto\" style=\"vertical-align: inherit;\"><font dir=\"auto\" style=\"vertical-align: inherit;\"><font dir=\"auto\" style=\"vertical-align: inherit;\"><font dir=\"auto\" style=\"vertical-align: inherit;\"><font dir=\"auto\" style=\"vertical-align: inherit;\"><font dir=\"auto\" style=\"vertical-align: inherit;\">sen Sie die Aufgabe oder stellen Sie zun\u00e4chst Fragen.<\/font><\/font><\/font><\/font><\/font><\/font><\/p><p dir=\"ltr\"><font><font><font dir=\"auto\" style=\"vertical-align: inherit;\"><font dir=\"auto\" style=\"vertical-align: inherit;\">Beide besch\u00e4ftigen sich mit dem gleichen Thema. Und doch verl\u00e4uft ihr Lernprozess unterschiedlich.<\/font><\/font><\/font><\/font><\/p><p dir=\"ltr\"><font><font><font dir=\"auto\" style=\"vertical-align: inherit;\"><font dir=\"auto\" style=\"vertical-align: inherit;\">Solche Unterschiede sind kein Problem, sondern ein normaler Teil des Lernens. Kinder bringen unterschiedliche Voraussetzungen mit: Vorwissen, Sprachverst\u00e4ndnis, Konzentration oder pers\u00f6nliche Interessen. Alles das beeinflusst, wie ein Thema verstanden wird.<\/font><\/font><\/font><\/font><\/p><p dir=\"ltr\"><font><font><font dir=\"auto\" style=\"vertical-align: inherit;\"><font dir=\"auto\" style=\"vertical-align: inherit;\">Genau an diesem Punkt taucht im Bildungsbereich immer wieder ein Begriff auf: Individualisierung. Doch was bedeutet das eigentlich genau \u2013 und wo ist Individualisierung wirklich sinnvoll?<\/font><\/font><\/font><\/font><\/p><\/div><div class=\"thrv_wrapper thrv_text_element\"><h2 class=\"\" id=\"t-1775125520340\"><font dir=\"auto\" style=\"vertical-align: inherit;\"><font dir=\"auto\" style=\"vertical-align: inherit;\"><font dir=\"auto\" style=\"vertical-align: inherit;\"><font dir=\"auto\" style=\"vertical-align: inherit;\">Was Individualisierung bedeutet<\/font><\/font><\/font><\/font><\/h2><\/div><div class=\"thrv_wrapper thrv_text_element tve-froala\"><\/div><div class=\"thrv_wrapper thrv_text_element\"><p dir=\"ltr\"><font dir=\"auto\" style=\"vertical-align: inherit;\"><font dir=\"auto\" style=\"vertical-align: inherit;\">Individualisierung im Bildungsbereich bezeichnet die bewusste Ausrichtung von Lernprozessen am individuellen Lernstand eines Kindes. Dabei werden Unterschiede in Vorwissen, Lerntempo, Verst\u00e4ndnis und Interessen ber\u00fccksichtigt.<\/font><\/font><\/p><p dir=\"ltr\"><font dir=\"auto\" style=\"vertical-align: inherit;\"><font dir=\"auto\" style=\"vertical-align: inherit;\">Die grundlegenden Inhalte und Lernziele bleiben f\u00fcr alle gleich. Individualisierung ver\u00e4nderte nicht das Was des Lernens, sondern das Wie. Kinder k\u00f6nnen unterschiedliche Wege nutzen, um ein gemeinsames Ziel zu erreichen.<\/font><\/font><\/p><p dir=\"ltr\"><font dir=\"auto\" style=\"vertical-align: inherit;\"><font dir=\"auto\" style=\"vertical-align: inherit;\">In der Praxis bedeutet das: Einige Kinder ben\u00f6tigen mehr Zeit, zus\u00e4tzliche Erkl\u00e4rungen oder unterst\u00fctzende Beispiele. Andere k\u00f6nnen schneller voranschreiten oder sich vertiefend mit einem Thema besch\u00e4ftigen.<\/font><\/font><\/p><p dir=\"ltr\"><font dir=\"auto\" style=\"vertical-align: inherit;\"><font dir=\"auto\" style=\"vertical-align: inherit;\">Individualisierung f\u00fchrt daher nicht zu beliebigem Inhalt oder isoliertem Lernen. Sie findet innerhalb eines gemeinsamen Rahmens statt, der Orientierung gibt und gemeinsames Lernen weiterhin erm\u00f6glicht.<\/font><\/font><\/p><p dir=\"ltr\"><font dir=\"auto\" style=\"vertical-align: inherit;\"><font dir=\"auto\" style=\"vertical-align: inherit;\">Unterschiede im Lernen werden dabei nicht als Problem verstanden, sondern als Ausgangspunkt f\u00fcr gezielte F\u00f6rderung.<\/font><\/font><\/p><\/div><div class=\"thrv_wrapper thrv_text_element\"><h2 class=\"\" id=\"t-1775125520341\"><font dir=\"auto\" style=\"vertical-align: inherit;\"><font dir=\"auto\" style=\"vertical-align: inherit;\"><font dir=\"auto\" style=\"vertical-align: inherit;\"><font dir=\"auto\" style=\"vertical-align: inherit;\">Welche Vorteile Individualisierung haben kann<\/font><\/font><\/font><\/font><\/h2><\/div><div class=\"thrv_wrapper thrv_text_element\"><p dir=\"ltr\"><font dir=\"auto\" style=\"vertical-align: inherit;\"><font dir=\"auto\" style=\"vertical-align: inherit;\"><font dir=\"auto\" style=\"vertical-align: inherit;\"><font dir=\"auto\" style=\"vertical-align: inherit;\">Wenn Lernen st\u00e4rker auf die einzelnen K\u00fcnste abgestimmt ist, kann das verschiedene positive Auswirkungen haben.<\/font><\/font><\/font><\/font><\/p><\/div><div class=\"thrv_wrapper thrv_text_element\"><h3 class=\"\" dir=\"ltr\" id=\"t-1775125520342\"><font><font><font><font><font><font><font dir=\"auto\" style=\"vertical-align: inherit;\"><font dir=\"auto\" style=\"vertical-align: inherit;\"><font dir=\"auto\" style=\"vertical-align: inherit;\"><font dir=\"auto\" style=\"vertical-align: inherit;\">Passende Aufgaben statt \u00dcber- oder Unterforderung&nbsp;<\/font><\/font><\/font><\/font><\/font><\/font><\/font><\/font><\/font><\/font><\/h3><\/div><div class=\"thrv_wrapper thrv_text_element\"><p dir=\"ltr\"><font><font><font><font>Aufgaben entsprechen dem aktuellen Lernstand. Dadurch kommt es seltener vor, dass \u00dcberforderung entsteht oder Inhalte als z<\/font><\/font><\/font><\/font><font><font><font><font><font><font><\/font><\/font><\/font><\/font><\/font><\/font><font dir=\"auto\" style=\"vertical-align: inherit;\"><font dir=\"auto\" style=\"vertical-align: inherit;\"><font dir=\"auto\" style=\"vertical-align: inherit;\"><font dir=\"auto\" style=\"vertical-align: inherit;\">u einfach empfunden werden.<\/font><\/font><\/font><\/font><\/p><\/div><div class=\"thrv_wrapper thrv_text_element\"><h3 dir=\"ltr\" class=\"\" id=\"t-1775125520343\"><font><font><font><font><font><font><font dir=\"auto\" style=\"vertical-align: inherit;\"><font dir=\"auto\" style=\"vertical-align: inherit;\">Tieferes und nachhaltigeres Verst\u00e4ndnis&nbsp;<\/font><\/font><\/font><\/font><\/font><\/font><\/font><\/font><\/h3><\/div><div class=\"thrv_wrapper thrv_text_element\"><p dir=\"ltr\"><font><font>Wenn ausreichend Zeit vorhanden ist, ein Thema wirklich zu durchdringen,  oft ein stabileres Verst\u00e4ndnis. Gleichzeitig k\u00f6nnen Kinder, die schneller vorankommen, sich intensiver mit Inhalten besch\u00e4ftigen, anstatt lediglich mehr von den gleichen Aufgaben zu bearbeiten.<\/font><\/font><\/p><\/div><div class=\"thrv_wrapper thrv_text_element\"><h3 class=\"\" id=\"t-1775125520344\"><font><font><font dir=\"auto\" style=\"vertical-align: inherit;\"><font dir=\"auto\" style=\"vertical-align: inherit;\">Mehr Motivation und Eigenverantwortung<\/font><\/font><\/font><\/font><\/h3><\/div><div class=\"thrv_wrapper thrv_text_element\"><p dir=\"ltr\"><font dir=\"auto\" style=\"vertical-align: inherit;\"><font dir=\"auto\" style=\"vertical-align: inherit;\">Wird der individuelle Lernweg wahrgenommen, ver\u00e4ndert sich h\u00e4ufig die Einstellung zum Lernen. Es f\u00e4llt leichter, konzentriert zu arbeiten und Verantwortung f\u00fcr den eigenen Lernprozess zu \u00fcbernehmen.<\/font><\/font><\/p><\/div><div class=\"thrv_wrapper thrv_text_element tve-froala\"><\/div><div class=\"thrv_wrapper thrv_text_element\"><h2 class=\"\" id=\"t-1775125520345\"><font dir=\"auto\" style=\"vertical-align: inherit;\"><font dir=\"auto\" style=\"vertical-align: inherit;\"><font dir=\"auto\" style=\"vertical-align: inherit;\"><font dir=\"auto\" style=\"vertical-align: inherit;\"><font dir=\"auto\" style=\"vertical-align: inherit;\"><font dir=\"auto\" style=\"vertical-align: inherit;\"><font dir=\"auto\" style=\"vertical-align: inherit;\"><font dir=\"auto\" style=\"vertical-align: inherit;\">Warum Individualisierung auch kritisch gesehen wird<\/font><\/font><\/font><\/font><\/font><\/font><\/font><\/font><\/h2><\/div><div class=\"thrv_wrapper thrv_text_element\"><p dir=\"ltr\"><font dir=\"auto\" style=\"vertical-align: inherit;\"><font dir=\"auto\" style=\"vertical-align: inherit;\">Neben diesen Vorteilen gibt es auch Aspekte, die im Zusammenhang mit Individualisierung kritisch betrachtet werden.<\/font><\/font><\/p><\/div><div class=\"thrv_wrapper thrv_text_element\"><h3 id=\"t-1775125520346\" class=\"\"><font><font><font><font><font><font><font><font><font dir=\"auto\" style=\"vertical-align: inherit;\"><font dir=\"auto\" style=\"vertical-align: inherit;\">H\u00f6herer organisatorischer Aufwand<\/font><\/font><\/font><\/font><\/font><\/font><\/font><\/font><\/font><\/font><\/h3><\/div><div class=\"thrv_wrapper thrv_text_element\"><p dir=\"ltr\"><font dir=\"auto\" style=\"vertical-align: inherit;\"><font dir=\"auto\" style=\"vertical-align: inherit;\">Individualisierung bedeutet oft mehr Vorbereitung. Lehrkr\u00e4fte m\u00fcssen Aufgaben f\u00fcr verschiedene Lernst\u00e4nde planen und gleichzeitig den \u00dcberblick behalten, wer gerade daran arbeitet. Das kann den Unterricht deutlich aufwendiger machen.<\/font><\/font><\/p><\/div><div class=\"thrv_wrapper thrv_text_element\"><h3 id=\"t-1775125520347\" class=\"\"><font><font><font><font><font><font><font><font><font><font><font><font>Nicht jedes Kind arbeitet gleich selbstst\u00e4ndig <\/font><\/font><\/font><\/font><\/font><\/font><\/font><\/font><\/font><\/font><\/font><\/font><\/h3><\/div><div class=\"thrv_wrapper thrv_text_element\"><h6 class=\"\"><font><font><font><font><font><font><font><font><font><font><font><font><font dir=\"auto\" style=\"vertical-align: inherit;\"><font dir=\"auto\" style=\"vertical-align: inherit;\"><font dir=\"auto\" style=\"vertical-align: inherit;\"><font dir=\"auto\" style=\"vertical-align: inherit;\"><font dir=\"auto\" style=\"vertical-align: inherit;\"><font dir=\"auto\" style=\"vertical-align: inherit;\">Manche Kinder kommen gut damit zurecht, ihren Lernweg mitzugestalten. Andere brauchen mehr Anleitung und klare Orientierung. Ohne Unterst\u00fctzung kann Individualisierung f\u00fcr sie schnell schwierig werden.<\/font><\/font><\/font><\/font><\/font><\/font><\/font><\/font><\/font><\/font><\/font><\/font><\/font><\/font><\/font><\/font><\/font><\/font><\/h6><\/div><div class=\"thrv_wrapper thrv_text_element\"><h3 class=\"\" id=\"t-1775125520348\"><font><font><font><font><font><font><font><font><font><font><font><font><font><font><font><font><font><font><font dir=\"auto\" style=\"vertical-align: inherit;\"><font dir=\"auto\" style=\"vertical-align: inherit;\">Weniger gemeinsames Lernen<\/font><\/font><\/font><\/font><\/font><\/font><\/font><\/font><\/font><\/font><\/font><\/font><\/font><\/font><\/font><\/font><\/font><\/font><\/font><\/font><\/h3><\/div><div class=\"thrv_wrapper thrv_text_element\"><p dir=\"ltr\"><font dir=\"auto\" style=\"vertical-align: inherit;\"><font dir=\"auto\" style=\"vertical-align: inherit;\">Wenn Kinder an unterschiedlichen Aufgaben arbeiten, gibt es manchmal weniger Momente, in denen alle gemeinsam an einem Thema arbeiten. Gespr\u00e4che \u00fcber denselben Inhalt oder gemeinsames Arbeiten entstehen dann seltener.<\/font><\/font><\/p><\/div><div class=\"thrv_wrapper thrv_text_element\"><h3 id=\"t-1775125520349\" class=\"\"><font><font><font><font><font><font><font><font><font><font><font><font><font><font><font><font><font><font><font dir=\"auto\" style=\"vertical-align: inherit;\"><font dir=\"auto\" style=\"vertical-align: inherit;\"><font dir=\"auto\" style=\"vertical-align: inherit;\"><font dir=\"auto\" style=\"vertical-align: inherit;\">Umsetzung braucht klare Strukturen<\/font><\/font><\/font><\/font><\/font><\/font><\/font><\/font><\/font><\/font><\/font><\/font><\/font><\/font><\/font><\/font><\/font><\/font><\/font><\/font><\/font><\/font><\/h3><\/div><div class=\"thrv_wrapper thrv_text_element\"><p dir=\"ltr\"><font dir=\"auto\" style=\"vertical-align: inherit;\"><font dir=\"auto\" style=\"vertical-align: inherit;\">Damit die Individualisierung gut funktioniert, braucht es klare Abl\u00e4ufe und eine gute Organisation. Fehlt diese Struktur, kann der Unterricht schnell un\u00fcbersichtlich werden.<\/font><\/font><\/p><\/div><div class=\"thrv_wrapper thrv_text_element\"><h3 id=\"t-1775125520350\" class=\"\"><font><font><font><font><font><font><font><font><font><font><font><font><font><font><font><font><font><font><font><font><font><font><font dir=\"auto\" style=\"vertical-align: inherit;\"><font dir=\"auto\" style=\"vertical-align: inherit;\">Spannungsfeld zwischen Individualisierung und gemeinsamer Struktur&nbsp;<\/font><\/font><\/font><\/font><\/font><\/font><\/font><\/font><\/font><\/font><\/font><\/font><\/font><\/font><\/font><\/font><\/font><\/font><\/font><\/font><\/font><\/font><\/font><\/font><\/h3><\/div><div class=\"thrv_wrapper thrv_text_element\"><p dir=\"ltr\"><font dir=\"auto\" style=\"vertical-align: inherit;\"><font dir=\"auto\" style=\"vertical-align: inherit;\">Ein umstrittener Einwand betrifft das Verh\u00e4ltnis zwischen individueller F\u00f6rderung und gemeinsamem Lernen. Schule ist nicht nur ein Ort, an dem jedes Kind f\u00fcr sich arbeitet, sondern auch ein sozialer Raum. Kinder lernen voneinander, sehen unterschiedliche L\u00f6sungswege und machen gemeinsame Erfahrungen. Wenn individuelle F\u00f6rderung sehr stark im Mittelpunkt steht, entsteht die Sorge, dass dieses gemeinsame Lernen zu kurz kommt.<\/font><\/font><\/p><\/div><div class=\"thrv_wrapper thrv_text_element\"><h3 id=\"t-1775125520351\" class=\"\"><font><font><font><font><font><font><font><font><font><font><font><font><font><font><font><font><font><font><font><font><font><font><font><font><font dir=\"auto\" style=\"vertical-align: inherit;\"><font dir=\"auto\" style=\"vertical-align: inherit;\"><font dir=\"auto\" style=\"vertical-align: inherit;\"><font dir=\"auto\" style=\"vertical-align: inherit;\">Eine Frage der richtigen Balance<\/font><\/font><\/font><\/font><\/font><\/font><\/font><\/font><\/font><\/font><\/font><\/font><\/font><\/font><\/font><\/font><\/font><\/font><\/font><\/font><\/font><\/font><\/font><\/font><\/font><\/font><\/font><\/font><\/h3><\/div><div class=\"thrv_wrapper thrv_text_element\"><p dir=\"ltr\"><font dir=\"auto\" style=\"vertical-align: inherit;\"><font dir=\"auto\" style=\"vertical-align: inherit;\">In der Praxis zeigt sich, dass Individualisierung besonders dort sinnvoll ist, wo sie in klare Strukturen eingebettet bleibt. Weder ein vollst\u00e4ndig einheitlicher Unterricht noch ein stark individualisiertes Lernen ohne gemeinsame Orientierung f\u00fchrt langfristig zu guten Ergebnissen.<\/font><\/font><\/p><p dir=\"ltr\"><font dir=\"auto\" style=\"vertical-align: inherit;\"><font dir=\"auto\" style=\"vertical-align: inherit;\">Gemeinsame Lernziele und feste Inhalte bilden dabei einen klaren Rahmen. Sie geben vor, woran gearbeitet wird und welches Ziel erreicht werden soll. Innerhalb dieses Rahmens kann auf unterschiedliche Lernst\u00e4nde reagiert werden, ohne den Unterricht grundlegend zu ver\u00e4ndern.<\/font><\/font><\/p><p dir=\"ltr\"><font dir=\"auto\" style=\"vertical-align: inherit;\"><font dir=\"auto\" style=\"vertical-align: inherit;\">Es kann also sinnvoll sein, zus\u00e4tzlich zu den regul\u00e4ren Aufgaben eine weiterf\u00fchrende Zusatzaufgabe bereitzustellen. W\u00e4hrend einige noch an den Grundlagen arbeiten, k\u00f6nnen andere diese Zusatzaufgabe bearbeiten und das Thema vertiefen. Der gemeinsame Bezugspunkt bleibt dabei erhalten.<\/font><\/font><\/p><p dir=\"ltr\"><font dir=\"auto\" style=\"vertical-align: inherit;\"><font dir=\"auto\" style=\"vertical-align: inherit;\">Entscheidend ist, individuelle F\u00f6rderung nicht als Gegensatz zum gemeinsamen Lernen zu verstehen.<\/font><\/font><\/p><\/div><div class=\"thrv_wrapper thrv_text_element\"><h3 id=\"t-1775125520352\" class=\"\"><font><font><font><font><font><font><font><font><font><font><font><font><font><font><font><font><font><font><font><font><font><font><font><font><font><font><font><font><font><font><font dir=\"auto\" style=\"vertical-align: inherit;\"><font dir=\"auto\" style=\"vertical-align: inherit;\">Individualisierung im Homeschooling<\/font><\/font><\/font><\/font><\/font><\/font><\/font><\/font><\/font><\/font><\/font><\/font><\/font><\/font><\/font><\/font><\/font><\/font><\/font><\/font><\/font><\/font><\/font><\/font><\/font><\/font><\/font><\/font><\/font><\/font><\/font><\/font><\/h3><\/div><div class=\"thrv_wrapper thrv_text_element\"><p dir=\"ltr\"><font dir=\"auto\" style=\"vertical-align: inherit;\"><font dir=\"auto\" style=\"vertical-align: inherit;\">Gerade im Homeschooling lassen sich unterschiedliche Lernst\u00e4nde oft leichter ber\u00fccksichtigen als in gro\u00dfen Klassen. Eltern oder Lehrkr\u00e4fte sehen meist direkt, wo ein Kind gerade steht und was es braucht.<\/font><\/font><\/p><p dir=\"ltr\"><font dir=\"auto\" style=\"vertical-align: inherit;\"><font dir=\"auto\" style=\"vertical-align: inherit;\">Wenn eine Art ein Thema schon verstanden hat, kann es einfach weiterarbeiten oder noch tiefer in das Thema einsteigen. Ein anderes Kind kann sich mehr Zeit nehmen, ohne sich st\u00e4ndig mit vielen anderen vergleichen zu m\u00fcssen.<\/font><\/font><\/p><p dir=\"ltr\"><font dir=\"auto\" style=\"vertical-align: inherit;\"><font dir=\"auto\" style=\"vertical-align: inherit;\">Dabei geht es nicht darum, dass jeder einfach irgendetwas lernt. Die Lernziele bleiben gleich. Der Weg dorthin kann etwas aber unterschiedlich aussehen, je nachdem, was ein Kind gerade braucht.<\/font><\/font><\/p><\/div><div class=\"thrv_wrapper thrv_text_element\"><h3 id=\"t-1775125520353\" class=\"\"><font><font><font><font><font><font><font><font><font><font><font><font><font><font><font><font><font><font><font><font><font><font><font><font><font><font><font><font><font><font><font><font><font><font><font dir=\"auto\" style=\"vertical-align: inherit;\"><font dir=\"auto\" style=\"vertical-align: inherit;\">Wenn Lernen den Menschen im Blick beh\u00e4lt<\/font><\/font><\/font><\/font><\/font><\/font><\/font><\/font><\/font><\/font><\/font><\/font><\/font><\/font><\/font><\/font><\/font><\/font><\/font><\/font><\/font><\/font><\/font><\/font><\/font><\/font><\/font><\/font><\/font><\/font><\/font><\/font><\/font><\/font><\/font><\/font><\/h3><\/div><div class=\"thrv_wrapper thrv_text_element\"><p dir=\"ltr\"><font dir=\"auto\" style=\"vertical-align: inherit;\"><font dir=\"auto\" style=\"vertical-align: inherit;\">Individualisierung erinnert an etwas sehr Grundlegendes: Lernen verl\u00e4uft nicht bei allen Kindern gleich. Jedes Kind bringt andere Voraussetzungen mit, hat unterschiedliche St\u00e4rken und lernt in seinem eigenen Tempo.<\/font><\/font><\/p><p dir=\"ltr\"><font dir=\"auto\" style=\"vertical-align: inherit;\"><font dir=\"auto\" style=\"vertical-align: inherit;\">Gute Bildung versuchte deshalb, beides zusammenzuhalten. Es gibt gemeinsame Inhalte und eine klare Orientierung. Gleichzeitig bleibt der Blick auf das einzelne Kind gerichtet und darauf, wie es am besten lernen kann.<\/font><\/font><\/p><p dir=\"ltr\"><font dir=\"auto\" style=\"vertical-align: inherit;\"><font dir=\"auto\" style=\"vertical-align: inherit;\">Wenn dieses Gleichgewicht gelingt, verschiebt sich der Fokus im Lernen. Nicht der Vergleich mit anderen steht im Vordergrund, sondern der eigene Fortschritt und das tats\u00e4chliche Verstehen eines Themas.<\/font><\/font><\/p><\/div><div class=\"thrv_wrapper thrive-quiz-builder-shortcode\"><div class=\"thrive-shortcode-config\" style=\"display: none !important\">__CONFIG_quiz_shortcode__{}__CONFIG_quiz_shortcode__<\/div><\/div>","tve_custom_css":"@media (min-width: 300px){.tcb-post-list[data-css=\"tve-u-19c7ad1454f\"] .post-wrapper.thrv_wrapper { width: calc(100% + 0px); }.tcb-post-list[data-css=\"tve-u-19c7ad1454f\"] .post-wrapper.thrv_wrapper:nth-child(n+2) { margin-top: 30px !important; }.tcb-post-list[data-css=\"tve-u-19c7ad1454f\"] .post-wrapper.thrv_wrapper:not(:nth-child(n+2)) { margin-top: 0px !important; }.tcb-post-list[data-css=\"tve-u-19c7ad1454f\"] .post-wrapper.thrv_wrapper:not(:nth-child(n)) { margin-right: 30px !important; }.tcb-post-list[data-css=\"tve-u-19c7ad1454f\"] .post-wrapper.thrv_wrapper:nth-child(n) { margin-right: 0px !important; }.tcb-post-list[data-css=\"tve-u-19c7ad55ebb\"] .post-wrapper.thrv_wrapper { width: calc(100% + 0px); }.tcb-post-list[data-css=\"tve-u-19c7ad55ebb\"] .post-wrapper.thrv_wrapper:nth-child(n+2) { margin-top: 30px !important; }.tcb-post-list[data-css=\"tve-u-19c7ad55ebb\"] .post-wrapper.thrv_wrapper:not(:nth-child(n+2)) { margin-top: 0px !important; }.tcb-post-list[data-css=\"tve-u-19c7ad55ebb\"] .post-wrapper.thrv_wrapper:not(:nth-child(n)) { margin-right: 30px !important; }.tcb-post-list[data-css=\"tve-u-19c7ad55ebb\"] .post-wrapper.thrv_wrapper:nth-child(n) { margin-right: 0px !important; }[data-css=\"tve-u-19d4dcd2572\"] { overflow: hidden; border-radius: 15px !important; }[data-css=\"tve-u-19d4dcd2573\"] { padding: 0px !important; margin-top: 0px !important; margin-bottom: 10px !important; }[data-css=\"tve-u-19d4dcd2575\"] { --tve-toc-indent: 20px; max-width: unset; float: none; z-index: 3; position: relative; --tve-alignment: center; min-width: 500px; padding: 15px !important; margin-left: auto !important; margin-right: auto !important; --tcb-local-color-4204a: var(--tcb-color-7) !important; --tcb-local-color-ea1e7: rgba(30,184,179,0.08) !important; --tve-applied-max-width: unset !important; --tve-applied-min-width: 500px !important; }[data-css=\"tve-u-19d4dcd2576\"] { box-shadow: rgba(0, 0, 0, 0.08) 0px 5px 12px 1px; overflow: hidden; border-radius: 0px !important; background-image: linear-gradient(rgb(255, 255, 255), rgb(255, 255, 255)) !important; border-top-width: medium !important; border-top-style: none !important; border-top-color: currentcolor !important; background-size: auto !important; background-position: 50% 50% !important; background-attachment: scroll !important; background-repeat: no-repeat !important; }:not(#tve) [data-css=\"tve-u-19d4dcd2572\"] { background-image: none !important; }[data-css=\"tve-u-19d4dcd2577\"] { font-size: var(--tve-font-size,16px); --tve-font-size: 16px; color: var(--tve-color,var(--tcb-color-11)); --tve-color: var(--tcb-color-11); --tcb-applied-color: var$(--tcb-color-11); line-height: var(--tve-line-height,1.6em); --tve-line-height: 1.6em; --tve-applied-color: var$(--tve-color,var$(--tcb-color-11)); --tve-applied---tve-color: var$(--tcb-color-11); padding: 8px !important; }[data-css=\"tve-u-19d4dcd2577\"].tve-state-expanded { color: var(--tve-color,rgb(255,255,255)); --tve-color: rgb(255,255,255); --tcb-applied-color: var$(--tve-color,rgb(255,255,255)); background-image: linear-gradient(var(--tcb-local-color-4204a),var(--tcb-local-color-4204a)) !important; background-size: auto !important; background-position: 50% 50% !important; background-attachment: scroll !important; background-repeat: no-repeat !important; }:not(#tve) [data-css=\"tve-u-19d4dcd2577\"]:hover { --tcb-applied-color: var$(--tve-color,var(--tcb-local-color-4204a)); background-image: linear-gradient(var(--tcb-local-color-ea1e7),var(--tcb-local-color-ea1e7)) !important; background-size: auto !important; background-position: 50% 50% !important; background-attachment: scroll !important; background-repeat: no-repeat !important; color: var(--tve-color,var(--tcb-local-color-4204a)) !important; --tve-color: var(--tcb-local-color-4204a) !important; }[data-css=\"tve-u-19d4dcd2578\"] { font-size: var(--tve-font-size,16px); --tve-font-size: 16px; color: var(--tve-color,rgb(85,85,85)); --tve-color: rgb(85,85,85); --tcb-applied-color: var$(--tve-color,rgb(85,85,85)); line-height: var(--tve-line-height,1.6em); --tve-line-height: 1.6em; padding: 8px !important; }[data-css=\"tve-u-19d4dcd2578\"].tve-state-expanded { color: var(--tve-color,rgb(255,255,255)); --tve-color: rgb(255,255,255); --tcb-applied-color: var$(--tve-color,rgb(255,255,255)); background-image: linear-gradient(var(--tcb-local-color-4204a),var(--tcb-local-color-4204a)) !important; background-size: auto !important; background-position: 50% 50% !important; background-attachment: scroll !important; background-repeat: no-repeat !important; }:not(#tve) [data-css=\"tve-u-19d4dcd2578\"]:hover { --tcb-applied-color: var$(--tve-color,var(--tcb-local-color-4204a)); color: var(--tve-color,var(--tcb-local-color-4204a)) !important; --tve-color: var(--tcb-local-color-4204a) !important; background-image: linear-gradient(var(--tcb-local-color-ea1e7),var(--tcb-local-color-ea1e7)) !important; background-size: auto !important; background-position: 50% 50% !important; background-attachment: scroll !important; background-repeat: no-repeat !important; }[data-css=\"tve-u-19d4dcd2579\"] { font-size: var(--tve-font-size,16px); --tve-font-size: 16px; color: var(--tve-color,var(--tcb-color-11)); --tve-color: var(--tcb-color-11); --tcb-applied-color: var$(--tcb-color-11); line-height: var(--tve-line-height,1.6em); --tve-line-height: 1.6em; --tve-applied-color: var$(--tve-color,var$(--tcb-color-11)); --tve-applied---tve-color: var$(--tcb-color-11); padding: 8px !important; }[data-css=\"tve-u-19d4dcd2579\"].tve-state-expanded { color: var(--tve-color,rgb(255,255,255)); --tve-color: rgb(255,255,255); --tcb-applied-color: var$(--tve-color,rgb(255,255,255)); background-image: linear-gradient(var(--tcb-local-color-4204a),var(--tcb-local-color-4204a)) !important; background-size: auto !important; background-position: 50% 50% !important; background-attachment: scroll !important; background-repeat: no-repeat !important; }:not(#tve) [data-css=\"tve-u-19d4dcd2579\"]:hover { --tcb-applied-color: var$(--tve-color,var(--tcb-local-color-4204a)); color: var(--tve-color,var(--tcb-local-color-4204a)) !important; --tve-color: var(--tcb-local-color-4204a) !important; background-image: linear-gradient(var(--tcb-local-color-ea1e7),var(--tcb-local-color-ea1e7)) !important; background-size: auto !important; background-position: 50% 50% !important; background-attachment: scroll !important; background-repeat: no-repeat !important; }[data-css=\"tve-u-19d4dcd257a\"] { padding: 12px 5px !important; margin-bottom: -1px !important; margin-top: 0px !important; }:not(#tve) [data-css=\"tve-u-19d4dcd257a\"] > .tve-content-box-background { background-color: rgb(244, 244, 244) !important; --tve-applied-background-color: rgb(244,244,244) !important; }[data-css=\"tve-u-19d4dcd257a\"] .tve-toc-title-icon { font-size: 16px !important; width: 16px !important; height: 16px !important; }[data-css=\"tve-u-19d4dcd257b\"] { padding: 0px !important; }[data-css=\"tve-u-19d4dcd257c\"] { padding: 0px !important; }[data-css=\"tve-u-19d4dcd257d\"] { padding: 0px !important; }:not(#tve) .tve-toc-title[data-css=\"tve-u-19d4dcd257a\"] > .tve-content-box-background { background-color: var(--tcb-skin-color-19) !important; --background-color: var(--tcb-skin-color-19) !important; --tve-applied-background-color: var$(--tcb-skin-color-19) !important; }:not(#tve) [data-css=\"tve-u-19d4dcd257e\"] { text-transform: uppercase !important; padding-top: 0px !important; margin-top: 0px !important; padding-bottom: 0px !important; margin-bottom: 0px !important; }}@media (max-width: 767px){[data-css=\"tve-u-19d4dcd2575\"] { max-width: unset; min-width: unset; padding: 10px 10px 20px !important; --tve-applied-max-width: unset !important; --tve-applied-min-width: unset !important; }[data-css=\"tve-u-19d4dcd2577\"] { font-size: var(--tve-font-size,15px); --tve-font-size: 15px; padding: 7px !important; }[data-css=\"tve-u-19d4dcd2578\"] { font-size: var(--tve-font-size,15px); --tve-font-size: 15px; padding: 7px !important; }[data-css=\"tve-u-19d4dcd2579\"] { font-size: var(--tve-font-size,15px); --tve-font-size: 15px; padding: 7px !important; }}","tve_user_custom_css":"","tve_globals":{"e":"1","font_cls":[]},"tcb2_ready":1,"tcb_editor_enabled":1,"tve_landing_page":"","_tve_header":"","_tve_footer":""},"categories":[142],"tags":[167,169,168],"class_list":["post-3489","post","type-post","status-publish","format-standard","has-post-thumbnail","hentry","category-lehrmethoden","tag-individualisierung","tag-individuell-foerdern","tag-unterricht","post-wrapper","thrv_wrapper"],"_links":{"self":[{"href":"https:\/\/ths-homeschooling.com\/en\/wp-json\/wp\/v2\/posts\/3489","targetHints":{"allow":["GET"]}}],"collection":[{"href":"https:\/\/ths-homeschooling.com\/en\/wp-json\/wp\/v2\/posts"}],"about":[{"href":"https:\/\/ths-homeschooling.com\/en\/wp-json\/wp\/v2\/types\/post"}],"author":[{"embeddable":true,"href":"https:\/\/ths-homeschooling.com\/en\/wp-json\/wp\/v2\/users\/9"}],"replies":[{"embeddable":true,"href":"https:\/\/ths-homeschooling.com\/en\/wp-json\/wp\/v2\/comments?post=3489"}],"version-history":[{"count":13,"href":"https:\/\/ths-homeschooling.com\/en\/wp-json\/wp\/v2\/posts\/3489\/revisions"}],"predecessor-version":[{"id":4243,"href":"https:\/\/ths-homeschooling.com\/en\/wp-json\/wp\/v2\/posts\/3489\/revisions\/4243"}],"wp:featuredmedia":[{"embeddable":true,"href":"https:\/\/ths-homeschooling.com\/en\/wp-json\/wp\/v2\/media\/3488"}],"wp:attachment":[{"href":"https:\/\/ths-homeschooling.com\/en\/wp-json\/wp\/v2\/media?parent=3489"}],"wp:term":[{"taxonomy":"category","embeddable":true,"href":"https:\/\/ths-homeschooling.com\/en\/wp-json\/wp\/v2\/categories?post=3489"},{"taxonomy":"post_tag","embeddable":true,"href":"https:\/\/ths-homeschooling.com\/en\/wp-json\/wp\/v2\/tags?post=3489"}],"curies":[{"name":"wp","href":"https:\/\/api.w.org\/{rel}","templated":true}]}}